{"id":2747,"date":"2025-02-17T17:18:15","date_gmt":"2025-02-17T16:18:15","guid":{"rendered":"https:\/\/mesihatsandzaka.rs\/?p=2747"},"modified":"2025-02-17T17:18:17","modified_gmt":"2025-02-17T16:18:17","slug":"odrzana-sjednica-mesihata-islamske-zajednice-sandzaka","status":"publish","type":"post","link":"https:\/\/mesihatsandzaka.rs\/bs\/vijesti\/odrzana-sjednica-mesihata-islamske-zajednice-sandzaka\/","title":{"rendered":"Odr\u017eana sjednica Me\u0161ihata Islamske zajednice Sand\u017eaka"},"content":{"rendered":"<p>U <a><\/a>Novom Pazaru, u sjedi\u0161tu Me\u0161ihata Islamske zajednice Sand\u017eaka, odr\u017eana je redovna sjednica Me\u0161ihata u pro\u0161irenom sastavu. Sjednici su, pored \u010dlanova Me\u0161ihata, prisustvovali i reis Islamske zajednice Srbije, te direktori i \u010delnici ustanova koje djeluju pod upravom Me\u0161ihata IZ Sand\u017eaka.<\/p>\n\n\n\n<p>Skup je otvoren u\u010denjem Kur&#8217;ani-kerima, nakon \u010dega su prisutni usvojili zapisnik s prethodne sjednice. Na sjednici su razmatrani i usvojeni godi\u0161nji izvje\u0161taji o radu ustanova koje djeluju pod okriljem Me\u0161ihata, uz analizu ostvarenih rezultata i planova za dalji razvoj.<\/p>\n\n\n\n<p>Posebna pa\u017enja posve\u0107ena je planiranju predramazanskih i ramazanskih aktivnosti, pri \u010demu su glavni imami iznijeli planove za organizaciju vjerskog \u017eivota tokom mubarek mjeseca Ramazana. Razgovarano je o organizaciji teravih-namaza, mukabela, ramazanskih predavanja i zijareta d\u017eematima \u0161irom Sand\u017eaka.<\/p>\n\n\n\n<p>Tako\u0111er, na sjednici su donesene odluke o visini sadekatu-l-fitra i nisaba zekata.<\/p>\n\n\n\n<p>Nisab zekata:<\/p>\n\n\n\n<p>Za zlato: 8.091,00 \u20ac<\/p>\n\n\n\n<p>Za srebro: 632,00 \u20ac<\/p>\n\n\n\n<p>Sadekatu-l-fitr:<\/p>\n\n\n\n<p>150 RSD<\/p>\n\n\n\n<p>600 RSD<\/p>\n\n\n\n<p>1.000 RSD<\/p>\n\n\n\n<p>Jedna od klju\u010dnih tema sjednice bila je i pitanje diskriminacije i pravnog nasilja dr\u017eavnih institucija nad Islamskom zajednicom Srbije, pri \u010demu su izneseni konkretni primjeri i donijeti zaklju\u010dci o daljim koracima u pravcu za\u0161tite prava Islamske zajednice i vjernika.<\/p>\n\n\n\n<p>Na kraju sjednice istaknuto je da Me\u0161ihat Islamske zajednice Sand\u017eaka sa svim svojim institucijama spremno do\u010dekuje mjesec Ramazan, te da \u0107e vjernici imati priliku prisustvovati bogatom vjerskom programu.<\/p>\n\n\n\n<p>Me\u0161ihat IZ Sand\u017eaka poziva sve vjernike da u Ramazan u\u0111u sa \u010dvrstim nijetom ibadeta, jedinstva i zajedni\u0161tva, te da iskoriste priliku za \u010dinjenje dobra i ja\u010danje duhovne svijesti.<\/p>\n\n\n\n<figure class=\"wp-block-gallery has-nested-images columns-default is-cropped wp-block-gallery-1 is-layout-flex wp-block-gallery-is-layout-flex\">\n<figure class=\"wp-block-image size-large\"><img loading=\"lazy\" decoding=\"async\" width=\"1024\" height=\"1024\" data-id=\"2753\" src=\"https:\/\/mesihatsandzaka.rs\/wp-content\/uploads\/2025\/02\/2-sms-1-1024x1024.jpg\" alt=\"\" class=\"wp-image-2753\"\/><\/figure>\n\n\n\n<figure class=\"wp-block-image size-large\"><img loading=\"lazy\" decoding=\"async\" width=\"1024\" height=\"1024\" data-id=\"2754\" src=\"https:\/\/mesihatsandzaka.rs\/wp-content\/uploads\/2025\/02\/3-sms-1024x1024.jpg\" alt=\"\" class=\"wp-image-2754\"\/><\/figure>\n<\/figure>","protected":false},"excerpt":{"rendered":"<p>U Novom Pazaru, u sjedi\u0161tu Me\u0161ihata Islamske zajednice Sand\u017eaka, odr\u017eana je redovna sjednica Me\u0161ihata u pro\u0161irenom sastavu. Sjednici su, pored \u010dlanova Me\u0161ihata, prisustvovali i reis Islamske zajednice Srbije, te direktori i \u010delnici ustanova koje djeluju pod upravom Me\u0161ihata IZ Sand\u017eaka. Skup je otvoren u\u010denjem Kur&#8217;ani-kerima, nakon \u010dega su prisutni usvojili zapisnik s prethodne sjednice. Na [&hellip;]<\/p>\n","protected":false},"author":2,"featured_media":2748,"comment_status":"closed","ping_status":"closed","sticky":false,"template":"","format":"standard","meta":{"footnotes":""},"categories":[29,27],"tags":[305,41,434],"tmauthors":[],"page-type":[],"pozicija":[],"class_list":{"0":"post-2747","1":"post","2":"type-post","3":"status-publish","4":"format-standard","5":"has-post-thumbnail","7":"category-dogadjaji","8":"category-vijesti","9":"tag-islamska-zajednica-srbije","10":"tag-mesihat-iz-sandzaka","11":"tag-reisu-l-ulema-iz-srbije"},"_links":{"self":[{"href":"https:\/\/mesihatsandzaka.rs\/bs\/wp-json\/wp\/v2\/posts\/2747","targetHints":{"allow":["GET"]}}],"collection":[{"href":"https:\/\/mesihatsandzaka.rs\/bs\/wp-json\/wp\/v2\/posts"}],"about":[{"href":"https:\/\/mesihatsandzaka.rs\/bs\/wp-json\/wp\/v2\/types\/post"}],"author":[{"embeddable":true,"href":"https:\/\/mesihatsandzaka.rs\/bs\/wp-json\/wp\/v2\/users\/2"}],"replies":[{"embeddable":true,"href":"https:\/\/mesihatsandzaka.rs\/bs\/wp-json\/wp\/v2\/comments?post=2747"}],"version-history":[{"count":1,"href":"https:\/\/mesihatsandzaka.rs\/bs\/wp-json\/wp\/v2\/posts\/2747\/revisions"}],"predecessor-version":[{"id":2755,"href":"https:\/\/mesihatsandzaka.rs\/bs\/wp-json\/wp\/v2\/posts\/2747\/revisions\/2755"}],"wp:featuredmedia":[{"embeddable":true,"href":"https:\/\/mesihatsandzaka.rs\/bs\/wp-json\/wp\/v2\/media\/2748"}],"wp:attachment":[{"href":"https:\/\/mesihatsandzaka.rs\/bs\/wp-json\/wp\/v2\/media?parent=2747"}],"wp:term":[{"taxonomy":"category","embeddable":true,"href":"https:\/\/mesihatsandzaka.rs\/bs\/wp-json\/wp\/v2\/categories?post=2747"},{"taxonomy":"post_tag","embeddable":true,"href":"https:\/\/mesihatsandzaka.rs\/bs\/wp-json\/wp\/v2\/tags?post=2747"},{"taxonomy":"tmauthors","embeddable":true,"href":"https:\/\/mesihatsandzaka.rs\/bs\/wp-json\/wp\/v2\/tmauthors?post=2747"},{"taxonomy":"page-type","embeddable":true,"href":"https:\/\/mesihatsandzaka.rs\/bs\/wp-json\/wp\/v2\/page-type?post=2747"},{"taxonomy":"pozicija","embeddable":true,"href":"https:\/\/mesihatsandzaka.rs\/bs\/wp-json\/wp\/v2\/pozicija?post=2747"}],"curies":[{"name":"wp","href":"https:\/\/api.w.org\/{rel}","templated":true}]}}